{"id":336,"date":"2024-01-12T15:17:24","date_gmt":"2024-01-12T15:17:24","guid":{"rendered":"https:\/\/atleticosantjoan.com\/wp\/?p=336"},"modified":"2024-01-12T15:18:03","modified_gmt":"2024-01-12T15:18:03","slug":"vuelta-al-ruedo","status":"publish","type":"post","link":"https:\/\/atleticosantjoan.com\/wp\/?p=336","title":{"rendered":"Vuelta al ruedo"},"content":{"rendered":"\n<p>Este fin de semana vuelven los famosos D\u00eda de Partido o Match Day y estamos muy emocionados por ello. Con los cambios recientes que hubo dentro del club (asunci\u00f3n de Roc\u00edo como entrenadora del infantil junto a Celia y la vuelta de Sofi ayudando a Andriu en el Sub 12) enfrentamos el 2024 con muchas energ\u00edas.<\/p>\n\n\n\n<div class=\"wp-block-columns are-vertically-aligned-top is-layout-flex wp-container-core-columns-is-layout-9d6595d7 wp-block-columns-is-layout-flex\">\n<div class=\"wp-block-column is-vertically-aligned-top is-layout-flow wp-block-column-is-layout-flow\" style=\"flex-basis:33.33%\">\n<h2 class=\"wp-block-heading\">SUB 12<\/h2>\n\n\n\n<p class=\"has-text-align-left\">Las mas peque\u00f1as, encabezadas por Andriu y Sofi, enfrentar\u00e1n al <strong>Racing Playa San Juan<\/strong> el <strong>domingo 14\/01 a las 11:00 am<\/strong> en el <strong>Campo Municipal \u00abCabo Las Huertas\u00bb<\/strong>.<\/p>\n<\/div>\n\n\n\n<div class=\"wp-block-column is-vertically-aligned-top is-layout-flow wp-block-column-is-layout-flow\" style=\"flex-basis:66.66%\">\n<figure class=\"wp-block-image aligncenter size-full is-resized\"><img loading=\"lazy\" decoding=\"async\" src=\"https:\/\/atleticosantjoan.com\/wp\/wp-content\/uploads\/2024\/01\/6_Mesa-de-trabajo-1.jpg\" alt=\"\" class=\"wp-image-337\" style=\"width:286px;height:509px\" width=\"286\" height=\"509\"\/><\/figure>\n<\/div>\n<\/div>\n\n\n\n<div class=\"wp-block-columns are-vertically-aligned-top is-layout-flex wp-container-core-columns-is-layout-9d6595d7 wp-block-columns-is-layout-flex\">\n<div class=\"wp-block-column is-vertically-aligned-top is-layout-flow wp-block-column-is-layout-flow\" style=\"flex-basis:33.33%\">\n<h2 class=\"wp-block-heading\">INFANTIL<\/h2>\n\n\n\n<p class=\"has-text-align-left\">El equipo de Roc\u00edo y Celia buscar\u00e1n seguir con la racha de victorias en el <strong>Campo Municipal \u00abLa Costa\u00bb el domingo 14\/01 a las 12:00 hs<\/strong> frente al <strong>U. D. Benissa.<\/strong><\/p>\n<\/div>\n\n\n\n<div class=\"wp-block-column is-vertically-aligned-top is-layout-flow wp-block-column-is-layout-flow\" style=\"flex-basis:66.66%\">\n<figure class=\"wp-block-image aligncenter size-full is-resized\"><img loading=\"lazy\" decoding=\"async\" src=\"https:\/\/atleticosantjoan.com\/wp\/wp-content\/uploads\/2024\/01\/5_Mesa-de-trabajo-1.jpg\" alt=\"\" class=\"wp-image-338\" style=\"width:286px;height:509px\" width=\"286\" height=\"509\"\/><\/figure>\n<\/div>\n<\/div>\n\n\n\n<div class=\"wp-block-columns are-vertically-aligned-top is-layout-flex wp-container-core-columns-is-layout-9d6595d7 wp-block-columns-is-layout-flex\">\n<div class=\"wp-block-column is-vertically-aligned-top is-layout-flow wp-block-column-is-layout-flow\" style=\"flex-basis:33.33%\">\n<h2 class=\"wp-block-heading\">CADETE<\/h2>\n\n\n\n<p class=\"has-text-align-left\">Jorge, David y el equipo de mayor cohesi\u00f3n grupal del club viajar\u00e1n al <strong>Campo de F\u00fatbol \u00abCamps Del Serpis\u00bb<\/strong> para visitar al <strong>Racing de Alcoy el s\u00e1bado 13\/01 a las 15:15 hs.<\/strong><\/p>\n<\/div>\n\n\n\n<div class=\"wp-block-column is-vertically-aligned-top is-layout-flow wp-block-column-is-layout-flow\" style=\"flex-basis:66.66%\">\n<figure class=\"wp-block-image aligncenter size-large is-resized\"><img loading=\"lazy\" decoding=\"async\" src=\"https:\/\/atleticosantjoan.com\/wp\/wp-content\/uploads\/2024\/01\/4_Mesa-de-trabajo-1-576x1024.jpg\" alt=\"\" class=\"wp-image-339\" style=\"width:286px;height:509px\" width=\"286\" height=\"509\"\/><\/figure>\n<\/div>\n<\/div>\n","protected":false},"excerpt":{"rendered":"<p>Este fin de semana vuelven los famosos D\u00eda de Partido o Match Day y estamos muy emocionados por ello. Con los cambios recientes que hubo dentro del club (asunci\u00f3n de Roc\u00edo como entrenadora del infantil junto a Celia y la vuelta de Sofi ayudando a Andriu en el Sub 12) enfrentamos el 2024 con muchas [&hellip;]<\/p>\n","protected":false},"author":1,"featured_media":0,"comment_status":"open","ping_status":"open","sticky":false,"template":"","format":"standard","meta":{"_et_pb_use_builder":"","_et_pb_old_content":"","_et_gb_content_width":"","om_disable_all_campaigns":false,"_monsterinsights_skip_tracking":false,"_monsterinsights_sitenote_active":false,"_monsterinsights_sitenote_note":"","_monsterinsights_sitenote_category":0,"footnotes":""},"categories":[1],"tags":[],"class_list":["post-336","post","type-post","status-publish","format-standard","hentry","category-uncategorized"],"aioseo_notices":[],"_links":{"self":[{"href":"https:\/\/atleticosantjoan.com\/wp\/index.php?rest_route=\/wp\/v2\/posts\/336","targetHints":{"allow":["GET"]}}],"collection":[{"href":"https:\/\/atleticosantjoan.com\/wp\/index.php?rest_route=\/wp\/v2\/posts"}],"about":[{"href":"https:\/\/atleticosantjoan.com\/wp\/index.php?rest_route=\/wp\/v2\/types\/post"}],"author":[{"embeddable":true,"href":"https:\/\/atleticosantjoan.com\/wp\/index.php?rest_route=\/wp\/v2\/users\/1"}],"replies":[{"embeddable":true,"href":"https:\/\/atleticosantjoan.com\/wp\/index.php?rest_route=%2Fwp%2Fv2%2Fcomments&post=336"}],"version-history":[{"count":0,"href":"https:\/\/atleticosantjoan.com\/wp\/index.php?rest_route=\/wp\/v2\/posts\/336\/revisions"}],"wp:attachment":[{"href":"https:\/\/atleticosantjoan.com\/wp\/index.php?rest_route=%2Fwp%2Fv2%2Fmedia&parent=336"}],"wp:term":[{"taxonomy":"category","embeddable":true,"href":"https:\/\/atleticosantjoan.com\/wp\/index.php?rest_route=%2Fwp%2Fv2%2Fcategories&post=336"},{"taxonomy":"post_tag","embeddable":true,"href":"https:\/\/atleticosantjoan.com\/wp\/index.php?rest_route=%2Fwp%2Fv2%2Ftags&post=336"}],"curies":[{"name":"wp","href":"https:\/\/api.w.org\/{rel}","templated":true}]}}