{"id":334,"date":"2024-01-04T11:01:24","date_gmt":"2024-01-04T11:01:24","guid":{"rendered":"https:\/\/atleticosantjoan.com\/wp\/?p=334"},"modified":"2024-01-04T11:01:24","modified_gmt":"2024-01-04T11:01:24","slug":"oye-mister-cuando-volvemos","status":"publish","type":"post","link":"https:\/\/atleticosantjoan.com\/wp\/?p=334","title":{"rendered":"Oye, m\u00edster: \u00bfCu\u00e1ndo volvemos?"},"content":{"rendered":"\n<p>El a\u00f1o 2023 culmin\u00f3 de una manera maravillosa: las infantiles terminaron l\u00edderes en su grupo; por su lado las cadete tuvieron un gran avance en lo que respecta a tecnificaci\u00f3n, al entendimiento del futbol y lucharon por la mitad de la tabla; y por \u00faltimo las mas peque\u00f1as han crecido en todo sentido y quedaron en el 3er puesto. Pero el pasado ya est\u00e1: \u00bfCu\u00e1ndo volvemos?<\/p>\n\n\n\n<h2 class=\"wp-block-heading\">Cadete<\/h2>\n\n\n\n<p>Las mas grandes del club reanudar\u00e1n su temporada el pr\u00f3ximo s\u00e1bado 13 de enero (a\u00fan falta la confirmaci\u00f3n de la federaci\u00f3n) visitando al F.C. Racing de Alcoy &#8216;A&#8217;.<\/p>\n\n\n\n<h2 class=\"wp-block-heading\">Infantil<\/h2>\n\n\n\n<p>Las infantiles volver\u00e1n al ruedo el domingo 14 de enero (a\u00fan falta la confirmaci\u00f3n de la federaci\u00f3n) frente al U. D. Benissa &#8216;A&#8217; en condici\u00f3n de visitante.<\/p>\n\n\n\n<h2 class=\"wp-block-heading\">Sub 12<\/h2>\n\n\n\n<p>Las mas peques retomar\u00e1n su rumbo el s\u00e1bado 13 (a\u00fan falta la confirmaci\u00f3n de la federaci\u00f3n) visitando al Racing Playa de San Juan.<\/p>\n\n\n\n<p>Los clubes tienen hasta las 23:59 del lunes de la semana en que se juega el partido para confirmar la fecha y horario de los partidos.<\/p>\n","protected":false},"excerpt":{"rendered":"<p>El a\u00f1o 2023 culmin\u00f3 de una manera maravillosa: las infantiles terminaron l\u00edderes en su grupo; por su lado las cadete tuvieron un gran avance en lo que respecta a tecnificaci\u00f3n, al entendimiento del futbol y lucharon por la mitad de la tabla; y por \u00faltimo las mas peque\u00f1as han crecido en todo sentido y quedaron [&hellip;]<\/p>\n","protected":false},"author":1,"featured_media":0,"comment_status":"open","ping_status":"open","sticky":false,"template":"","format":"standard","meta":{"_et_pb_use_builder":"","_et_pb_old_content":"","_et_gb_content_width":"","om_disable_all_campaigns":false,"_monsterinsights_skip_tracking":false,"_monsterinsights_sitenote_active":false,"_monsterinsights_sitenote_note":"","_monsterinsights_sitenote_category":0,"footnotes":""},"categories":[1],"tags":[],"class_list":["post-334","post","type-post","status-publish","format-standard","hentry","category-uncategorized"],"aioseo_notices":[],"_links":{"self":[{"href":"https:\/\/atleticosantjoan.com\/wp\/index.php?rest_route=\/wp\/v2\/posts\/334","targetHints":{"allow":["GET"]}}],"collection":[{"href":"https:\/\/atleticosantjoan.com\/wp\/index.php?rest_route=\/wp\/v2\/posts"}],"about":[{"href":"https:\/\/atleticosantjoan.com\/wp\/index.php?rest_route=\/wp\/v2\/types\/post"}],"author":[{"embeddable":true,"href":"https:\/\/atleticosantjoan.com\/wp\/index.php?rest_route=\/wp\/v2\/users\/1"}],"replies":[{"embeddable":true,"href":"https:\/\/atleticosantjoan.com\/wp\/index.php?rest_route=%2Fwp%2Fv2%2Fcomments&post=334"}],"version-history":[{"count":0,"href":"https:\/\/atleticosantjoan.com\/wp\/index.php?rest_route=\/wp\/v2\/posts\/334\/revisions"}],"wp:attachment":[{"href":"https:\/\/atleticosantjoan.com\/wp\/index.php?rest_route=%2Fwp%2Fv2%2Fmedia&parent=334"}],"wp:term":[{"taxonomy":"category","embeddable":true,"href":"https:\/\/atleticosantjoan.com\/wp\/index.php?rest_route=%2Fwp%2Fv2%2Fcategories&post=334"},{"taxonomy":"post_tag","embeddable":true,"href":"https:\/\/atleticosantjoan.com\/wp\/index.php?rest_route=%2Fwp%2Fv2%2Ftags&post=334"}],"curies":[{"name":"wp","href":"https:\/\/api.w.org\/{rel}","templated":true}]}}