{"id":307,"date":"2023-12-13T10:00:34","date_gmt":"2023-12-13T10:00:34","guid":{"rendered":"https:\/\/atleticosantjoan.com\/wp\/?p=307"},"modified":"2023-12-13T10:00:35","modified_gmt":"2023-12-13T10:00:35","slug":"fotos-picoteo-y-buena-onda","status":"publish","type":"post","link":"https:\/\/atleticosantjoan.com\/wp\/?p=307","title":{"rendered":"Fotos, Picoteo y Buena Onda"},"content":{"rendered":"\n<p>El d\u00eda domingo 17 de diciembre a las 11 am se llevar\u00e1 a cabo en el Polideportivo Municipal de Sant Joan la producci\u00f3n fotogr\u00e1fica oficial del club.<\/p>\n\n\n\n<figure class=\"wp-block-image aligncenter size-large is-resized\"><img loading=\"lazy\" decoding=\"async\" src=\"https:\/\/atleticosantjoan.com\/wp\/wp-content\/uploads\/2023\/12\/DSC_0040-1024x683.jpg\" alt=\"\" class=\"wp-image-308\" style=\"width:747px;height:498px\" width=\"747\" height=\"498\"\/><\/figure>\n\n\n\n<p>Las fotograf\u00edas ser\u00e1n tomadas a las ni\u00f1as con la primera equipaci\u00f3n completa del equipo (camiseta, pantal\u00f3n y calcetas). Adem\u00e1s de la producci\u00f3n, la idea es unir a todas las ni\u00f1as para que pasen una buena ma\u00f1ana y para ello se llevar\u00e1 a cabo un picoteo luego de las fotos.<\/p>\n","protected":false},"excerpt":{"rendered":"<p>El d\u00eda domingo 17 de diciembre a las 11 am se llevar\u00e1 a cabo en el Polideportivo Municipal de Sant Joan la producci\u00f3n fotogr\u00e1fica oficial del club. Las fotograf\u00edas ser\u00e1n tomadas a las ni\u00f1as con la primera equipaci\u00f3n completa del equipo (camiseta, pantal\u00f3n y calcetas). Adem\u00e1s de la producci\u00f3n, la idea es unir a todas [&hellip;]<\/p>\n","protected":false},"author":1,"featured_media":0,"comment_status":"open","ping_status":"open","sticky":false,"template":"","format":"standard","meta":{"_et_pb_use_builder":"","_et_pb_old_content":"","_et_gb_content_width":"","om_disable_all_campaigns":false,"_monsterinsights_skip_tracking":false,"_monsterinsights_sitenote_active":false,"_monsterinsights_sitenote_note":"","_monsterinsights_sitenote_category":0,"footnotes":""},"categories":[1],"tags":[],"class_list":["post-307","post","type-post","status-publish","format-standard","hentry","category-uncategorized"],"aioseo_notices":[],"_links":{"self":[{"href":"https:\/\/atleticosantjoan.com\/wp\/index.php?rest_route=\/wp\/v2\/posts\/307","targetHints":{"allow":["GET"]}}],"collection":[{"href":"https:\/\/atleticosantjoan.com\/wp\/index.php?rest_route=\/wp\/v2\/posts"}],"about":[{"href":"https:\/\/atleticosantjoan.com\/wp\/index.php?rest_route=\/wp\/v2\/types\/post"}],"author":[{"embeddable":true,"href":"https:\/\/atleticosantjoan.com\/wp\/index.php?rest_route=\/wp\/v2\/users\/1"}],"replies":[{"embeddable":true,"href":"https:\/\/atleticosantjoan.com\/wp\/index.php?rest_route=%2Fwp%2Fv2%2Fcomments&post=307"}],"version-history":[{"count":0,"href":"https:\/\/atleticosantjoan.com\/wp\/index.php?rest_route=\/wp\/v2\/posts\/307\/revisions"}],"wp:attachment":[{"href":"https:\/\/atleticosantjoan.com\/wp\/index.php?rest_route=%2Fwp%2Fv2%2Fmedia&parent=307"}],"wp:term":[{"taxonomy":"category","embeddable":true,"href":"https:\/\/atleticosantjoan.com\/wp\/index.php?rest_route=%2Fwp%2Fv2%2Fcategories&post=307"},{"taxonomy":"post_tag","embeddable":true,"href":"https:\/\/atleticosantjoan.com\/wp\/index.php?rest_route=%2Fwp%2Fv2%2Ftags&post=307"}],"curies":[{"name":"wp","href":"https:\/\/api.w.org\/{rel}","templated":true}]}}