{"id":301,"date":"2023-11-24T08:11:43","date_gmt":"2023-11-24T08:11:43","guid":{"rendered":"https:\/\/atleticosantjoan.com\/wp\/?p=301"},"modified":"2023-11-24T08:14:47","modified_gmt":"2023-11-24T08:14:47","slug":"los-duelos-del-fin-de-semana","status":"publish","type":"post","link":"https:\/\/atleticosantjoan.com\/wp\/?p=301","title":{"rendered":"Los duelos del fin de semana"},"content":{"rendered":"\n<p>Este fin de semana se presenta con mucho trabajo por delante para el Atl\u00e9tico Sant Joan. Salvo el SUB 12, las cadetes y las infantiles tendr\u00e1n partidos de viernes a domingo, 2 duelos en caso de las primeras y 1 para las segundas.<\/p>\n\n\n\n<figure class=\"wp-block-image alignwide size-full\"><img decoding=\"async\" src=\"https:\/\/atleticosantjoan.com\/wp\/wp-content\/uploads\/2023\/11\/Dia-de-partido-24.-25-y-26-scaled.jpg\" alt=\"\" class=\"wp-image-302\"\/><\/figure>\n\n\n\n<h2 class=\"wp-block-heading\">Viernes 24\/11<\/h2>\n\n\n\n<p>Se dar\u00e1 lugar en el Polideportivo Municipal de Sant Joan al partido aplazado de las cadete el fin de semana del 11 y 12. El duelo ser\u00e1 frente al C. F. Benidorm a las 20:00 hs, donde el equipo albiazul buscar\u00e1 sumar de a 3 como el fin de semana pasado ante al Atl\u00e9tico San Blas.<\/p>\n\n\n\n<h2 class=\"wp-block-heading\">S\u00e1bado 25\/11<\/h2>\n\n\n\n<p>Empezar\u00e1 el d\u00eda temprano para las infantiles ya que deber\u00e1n desplazarse hacia la Marina Alta en busca de otros 3 puntos. El encuentro se disputar\u00e1 a las 11:00 hs en el estadio del pueblo dianense \u00abDiego Mena Cuesta\u00bb.<\/p>\n\n\n\n<h2 class=\"wp-block-heading\">Domingo 26\/11<\/h2>\n\n\n\n<p>Para finalizar el fin de semana las cadetes volver\u00e1n a jugar en menos de 48 hs. El Atl\u00e9tico Sant Joan recibir\u00e1 al C. D. El Campello a las 10:00 hs en el Polideportivo Municipal de Sant Joan.<\/p>\n\n\n\n<h2 class=\"wp-block-heading\">SUB 12<\/h2>\n\n\n\n<p>Esta semana las mas peque\u00f1as del club descansar\u00e1n debido a que no hay liga.<\/p>\n","protected":false},"excerpt":{"rendered":"<p>Este fin de semana se presenta con mucho trabajo por delante para el Atl\u00e9tico Sant Joan. Salvo el SUB 12, las cadetes y las infantiles tendr\u00e1n partidos de viernes a domingo, 2 duelos en caso de las primeras y 1 para las segundas. Viernes 24\/11 Se dar\u00e1 lugar en el Polideportivo Municipal de Sant Joan [&hellip;]<\/p>\n","protected":false},"author":1,"featured_media":0,"comment_status":"open","ping_status":"open","sticky":false,"template":"","format":"standard","meta":{"_et_pb_use_builder":"","_et_pb_old_content":"","_et_gb_content_width":"","om_disable_all_campaigns":false,"_monsterinsights_skip_tracking":false,"_monsterinsights_sitenote_active":false,"_monsterinsights_sitenote_note":"","_monsterinsights_sitenote_category":0,"footnotes":""},"categories":[1],"tags":[],"class_list":["post-301","post","type-post","status-publish","format-standard","hentry","category-uncategorized"],"aioseo_notices":[],"_links":{"self":[{"href":"https:\/\/atleticosantjoan.com\/wp\/index.php?rest_route=\/wp\/v2\/posts\/301","targetHints":{"allow":["GET"]}}],"collection":[{"href":"https:\/\/atleticosantjoan.com\/wp\/index.php?rest_route=\/wp\/v2\/posts"}],"about":[{"href":"https:\/\/atleticosantjoan.com\/wp\/index.php?rest_route=\/wp\/v2\/types\/post"}],"author":[{"embeddable":true,"href":"https:\/\/atleticosantjoan.com\/wp\/index.php?rest_route=\/wp\/v2\/users\/1"}],"replies":[{"embeddable":true,"href":"https:\/\/atleticosantjoan.com\/wp\/index.php?rest_route=%2Fwp%2Fv2%2Fcomments&post=301"}],"version-history":[{"count":0,"href":"https:\/\/atleticosantjoan.com\/wp\/index.php?rest_route=\/wp\/v2\/posts\/301\/revisions"}],"wp:attachment":[{"href":"https:\/\/atleticosantjoan.com\/wp\/index.php?rest_route=%2Fwp%2Fv2%2Fmedia&parent=301"}],"wp:term":[{"taxonomy":"category","embeddable":true,"href":"https:\/\/atleticosantjoan.com\/wp\/index.php?rest_route=%2Fwp%2Fv2%2Fcategories&post=301"},{"taxonomy":"post_tag","embeddable":true,"href":"https:\/\/atleticosantjoan.com\/wp\/index.php?rest_route=%2Fwp%2Fv2%2Ftags&post=301"}],"curies":[{"name":"wp","href":"https:\/\/api.w.org\/{rel}","templated":true}]}}