{"id":294,"date":"2023-11-17T08:07:01","date_gmt":"2023-11-17T08:07:01","guid":{"rendered":"https:\/\/atleticosantjoan.com\/wp\/?p=294"},"modified":"2023-11-17T08:07:02","modified_gmt":"2023-11-17T08:07:02","slug":"pequenas-gigantes","status":"publish","type":"post","link":"https:\/\/atleticosantjoan.com\/wp\/?p=294","title":{"rendered":"Peque\u00f1as gigantes"},"content":{"rendered":"\n<p>El d\u00eda martes 14\/11 se desarrollo en rojales la jornada de tecnificaci\u00f3n regida por la Federaci\u00f3n de F\u00fatbol de la Comunidad Valenciana, donde asistieron 3 de nuestras jugadoras: Martina, Alejandra y Sara.<\/p>\n\n\n\n<div class=\"wp-block-columns alignwide is-layout-flex wp-container-core-columns-is-layout-9d6595d7 wp-block-columns-is-layout-flex\">\n<div class=\"wp-block-column is-layout-flow wp-block-column-is-layout-flow\">\n<figure class=\"wp-block-image size-large\"><img decoding=\"async\" src=\"https:\/\/atleticosantjoan.com\/wp\/wp-content\/uploads\/2023\/11\/Imagen-de-WhatsApp-2023-11-14-a-las-21.20.37_fcaa926b-768x1024.jpg\" alt=\"\" class=\"wp-image-296\"\/><\/figure>\n<\/div>\n\n\n\n<div class=\"wp-block-column is-layout-flow wp-block-column-is-layout-flow\">\n<figure class=\"wp-block-image size-large\"><img decoding=\"async\" src=\"https:\/\/atleticosantjoan.com\/wp\/wp-content\/uploads\/2023\/11\/Imagen-de-WhatsApp-2023-11-14-a-las-21.20.35_0516a4e8-1-768x1024.jpg\" alt=\"\" class=\"wp-image-297\"\/><\/figure>\n<\/div>\n\n\n\n<div class=\"wp-block-column is-layout-flow wp-block-column-is-layout-flow\">\n<figure class=\"wp-block-image size-large\"><img decoding=\"async\" src=\"https:\/\/atleticosantjoan.com\/wp\/wp-content\/uploads\/2023\/11\/Imagen-de-WhatsApp-2023-11-14-a-las-21.20.37_3c3055bb-edited.jpg\" alt=\"\" class=\"wp-image-299\"\/><\/figure>\n<\/div>\n<\/div>\n\n\n\n<p>Ahora, al igual que con las otras selecciones que ya se han hecho esta temporada, fue el turno de la selecci\u00f3n infantil femenina. En esta jornada de tecnificaci\u00f3n fueron seleccionadas 45 ni\u00f1as de distintos clubes de Alicante, entre ellas Martina, Alejandra y Sara.<\/p>\n\n\n\n<p>Fueron acompa\u00f1adas por compa\u00f1eras, Jorge (actual coordinador deportivo del club) y sus padres, que siempre est\u00e1n presentes en todo momento.<\/p>\n","protected":false},"excerpt":{"rendered":"<p>El d\u00eda martes 14\/11 se desarrollo en rojales la jornada de tecnificaci\u00f3n regida por la Federaci\u00f3n de F\u00fatbol de la Comunidad Valenciana, donde asistieron 3 de nuestras jugadoras: Martina, Alejandra y Sara. Ahora, al igual que con las otras selecciones que ya se han hecho esta temporada, fue el turno de la selecci\u00f3n infantil femenina. [&hellip;]<\/p>\n","protected":false},"author":1,"featured_media":0,"comment_status":"open","ping_status":"open","sticky":false,"template":"","format":"standard","meta":{"_et_pb_use_builder":"","_et_pb_old_content":"","_et_gb_content_width":"","om_disable_all_campaigns":false,"_monsterinsights_skip_tracking":false,"_monsterinsights_sitenote_active":false,"_monsterinsights_sitenote_note":"","_monsterinsights_sitenote_category":0,"footnotes":""},"categories":[1],"tags":[],"class_list":["post-294","post","type-post","status-publish","format-standard","hentry","category-uncategorized"],"aioseo_notices":[],"_links":{"self":[{"href":"https:\/\/atleticosantjoan.com\/wp\/index.php?rest_route=\/wp\/v2\/posts\/294","targetHints":{"allow":["GET"]}}],"collection":[{"href":"https:\/\/atleticosantjoan.com\/wp\/index.php?rest_route=\/wp\/v2\/posts"}],"about":[{"href":"https:\/\/atleticosantjoan.com\/wp\/index.php?rest_route=\/wp\/v2\/types\/post"}],"author":[{"embeddable":true,"href":"https:\/\/atleticosantjoan.com\/wp\/index.php?rest_route=\/wp\/v2\/users\/1"}],"replies":[{"embeddable":true,"href":"https:\/\/atleticosantjoan.com\/wp\/index.php?rest_route=%2Fwp%2Fv2%2Fcomments&post=294"}],"version-history":[{"count":0,"href":"https:\/\/atleticosantjoan.com\/wp\/index.php?rest_route=\/wp\/v2\/posts\/294\/revisions"}],"wp:attachment":[{"href":"https:\/\/atleticosantjoan.com\/wp\/index.php?rest_route=%2Fwp%2Fv2%2Fmedia&parent=294"}],"wp:term":[{"taxonomy":"category","embeddable":true,"href":"https:\/\/atleticosantjoan.com\/wp\/index.php?rest_route=%2Fwp%2Fv2%2Fcategories&post=294"},{"taxonomy":"post_tag","embeddable":true,"href":"https:\/\/atleticosantjoan.com\/wp\/index.php?rest_route=%2Fwp%2Fv2%2Ftags&post=294"}],"curies":[{"name":"wp","href":"https:\/\/api.w.org\/{rel}","templated":true}]}}