{"id":246,"date":"2023-10-27T13:24:39","date_gmt":"2023-10-27T13:24:39","guid":{"rendered":"https:\/\/atleticosantjoan.com\/wp\/?p=246"},"modified":"2023-10-30T11:25:45","modified_gmt":"2023-10-30T11:25:45","slug":"entrevista-a-orizon","status":"publish","type":"post","link":"https:\/\/atleticosantjoan.com\/wp\/?p=246","title":{"rendered":"Orizon: \u00abVemos al f\u00fatbol femenino con mucha ilusi\u00f3n\u00bb"},"content":{"rendered":"\n<p>Hoy 27 de Octubre se formaliz\u00f3 el acuerdo entre Orizon y el Atl\u00e9tico de Sant Joan Club Deportivo. La presidenta del club visit\u00f3 las nuevas oficinas de la empresa ubicadas al lado del mar en donde se comparti\u00f3 el momento y se oficializ\u00f3 el acuerdo.<\/p>\n\n\n\n<figure class=\"wp-block-image size-large\"><img decoding=\"async\" src=\"https:\/\/atleticosantjoan.com\/wp\/wp-content\/uploads\/2023\/10\/IMG_0273-1-1024x768.jpg\" alt=\"\" class=\"wp-image-249\"\/><\/figure>\n\n\n\n<p>Adem\u00e1s, tuvimos la oportunidad de poder entrevistar a un representante de la empresa. A continuaci\u00f3n le dejamos transcrita la nota:<\/p>\n\n\n\n<p>&#8211; <em>\u00bfQue es Orizon?<\/em><\/p>\n\n\n\n<p>\u00abOrizon naci\u00f3 en Alicante en 2007 y somos la compa\u00f1\u00eda espa\u00f1ola l\u00edder en optimizaci\u00f3n del rendimiento tecnol\u00f3gico. Ayudamos a CIOs y l\u00edderes digitales a mejorar la eficiencia y eficacia de su negocio, permiti\u00e9ndoles no s\u00f3lo obtener importantes ahorros de costes, sino tambi\u00e9n ofrecer un servicio excelente a sus clientes y usuarios.\u00bb<\/p>\n\n\n\n<p>&#8211; <em>\u00bfCon qu\u00e9 compa\u00f1\u00edas y organizaciones trabaja? \u00bfqu\u00e9 les aporta a \u00e9stas que no les aporta su competencia?<\/em><\/p>\n\n\n\n<p>\u00abEntre nuestros clientes contamos con grandes empresas, l\u00edderes en sus sectores, y compa\u00f1\u00edas del IBEX35.&nbsp;<\/p>\n\n\n\n<p>Con nuestros servicios de optimizaci\u00f3n del rendimiento, ayudamos a nuestros clientes no s\u00f3lo a identificar y analizar las ineficiencias del software que afectan a su negocio, sino que adem\u00e1s les ofrecemos las soluciones y recomendaciones para poder resolverlas y medir el beneficio aportado en t\u00e9rminos de KPIs de negocio.\u00bb<\/p>\n\n\n\n<p>&#8211; <em>\u00bfQu\u00e9 valor define a Orizon?<\/em><\/p>\n\n\n\n<p>\u00abEn Orizon apostamos por el talento, la excelencia y el compromiso con nuestros clientes y empleados.&nbsp;Trabajamos para obtener el marco laboral m\u00e1s propicio para nuestros empleados, y nuestro principal valor son las personas que conforman nuestro equipo, que son sin duda quienes nos permiten alcanzar el \u00e9xito con nuestros clientes. Entre nuestros valores tambi\u00e9n est\u00e1n mantener una actitud positiva e ilusi\u00f3n, ofrecer la m\u00e1xima calidad en nuestros servicios, y promover el compa\u00f1erismo y la solidaridad. Valores todos ellos que vemos reflejados y queremos compartir con el reci\u00e9n nacido Atl\u00e9tico Sant Joan.\u00bb<\/p>\n\n\n\n<p>&#8211; <em>\u00bfQu\u00e9 les atrajo del proyecto del Atl\u00e9tico Sant Joan?<\/em><\/p>\n\n\n\n<p>\u00abDesde Orizon queremos apoyar la valent\u00eda de los fundadores del Atl\u00e9tico Sant Joan para fomentar el deporte y valores como el respeto, la empat\u00eda, la solidaridad&nbsp;y&nbsp;el&nbsp;trabajo en equipo&nbsp;entre las ni\u00f1as, valores que se est\u00e1n perdiendo en muchas ocasiones en el f\u00fatbol masculino de base.\u00bb<\/p>\n\n\n\n<p>&#8211; <em>\u00bfC\u00f3mo ve Orizon el futuro del f\u00fatbol femenino?<\/em><\/p>\n\n\n\n<p>\u00abLo vemos con mucha ilusi\u00f3n, el desarrollo del f\u00fatbol femenino est\u00e1 creciendo especialmente en los \u00faltimos a\u00f1os, por lo que es una gran noticia que existan nuevas iniciativas como esta, para asegurar un espacio adecuado para su desarrollo.\u00bb<\/p>\n\n\n\n<p><strong>Para conocer mas en profundidad a Orizon, puedes visitar su web haciendo<\/strong> <em><strong><a href=\"http:\/\/orizon.es\">CLIC AQUI<\/a><\/strong><\/em>.<\/p>\n","protected":false},"excerpt":{"rendered":"<p>Hoy 27 de Octubre se formaliz\u00f3 el acuerdo entre Orizon y el Atl\u00e9tico de Sant Joan Club Deportivo. La presidenta del club visit\u00f3 las nuevas oficinas de la empresa ubicadas al lado del mar en donde se comparti\u00f3 el momento y se oficializ\u00f3 el acuerdo. Adem\u00e1s, tuvimos la oportunidad de poder entrevistar a un representante [&hellip;]<\/p>\n","protected":false},"author":1,"featured_media":0,"comment_status":"open","ping_status":"open","sticky":false,"template":"","format":"standard","meta":{"_et_pb_use_builder":"","_et_pb_old_content":"","_et_gb_content_width":"","om_disable_all_campaigns":false,"_monsterinsights_skip_tracking":false,"_monsterinsights_sitenote_active":false,"_monsterinsights_sitenote_note":"","_monsterinsights_sitenote_category":0,"footnotes":""},"categories":[1],"tags":[],"class_list":["post-246","post","type-post","status-publish","format-standard","hentry","category-uncategorized"],"aioseo_notices":[],"_links":{"self":[{"href":"https:\/\/atleticosantjoan.com\/wp\/index.php?rest_route=\/wp\/v2\/posts\/246","targetHints":{"allow":["GET"]}}],"collection":[{"href":"https:\/\/atleticosantjoan.com\/wp\/index.php?rest_route=\/wp\/v2\/posts"}],"about":[{"href":"https:\/\/atleticosantjoan.com\/wp\/index.php?rest_route=\/wp\/v2\/types\/post"}],"author":[{"embeddable":true,"href":"https:\/\/atleticosantjoan.com\/wp\/index.php?rest_route=\/wp\/v2\/users\/1"}],"replies":[{"embeddable":true,"href":"https:\/\/atleticosantjoan.com\/wp\/index.php?rest_route=%2Fwp%2Fv2%2Fcomments&post=246"}],"version-history":[{"count":0,"href":"https:\/\/atleticosantjoan.com\/wp\/index.php?rest_route=\/wp\/v2\/posts\/246\/revisions"}],"wp:attachment":[{"href":"https:\/\/atleticosantjoan.com\/wp\/index.php?rest_route=%2Fwp%2Fv2%2Fmedia&parent=246"}],"wp:term":[{"taxonomy":"category","embeddable":true,"href":"https:\/\/atleticosantjoan.com\/wp\/index.php?rest_route=%2Fwp%2Fv2%2Fcategories&post=246"},{"taxonomy":"post_tag","embeddable":true,"href":"https:\/\/atleticosantjoan.com\/wp\/index.php?rest_route=%2Fwp%2Fv2%2Ftags&post=246"}],"curies":[{"name":"wp","href":"https:\/\/api.w.org\/{rel}","templated":true}]}}