{"id":233,"date":"2023-10-19T08:15:32","date_gmt":"2023-10-19T08:15:32","guid":{"rendered":"https:\/\/atleticosantjoan.com\/wp\/?p=233"},"modified":"2023-10-19T08:17:29","modified_gmt":"2023-10-19T08:17:29","slug":"fin-de-semana-para-disfrutar","status":"publish","type":"post","link":"https:\/\/atleticosantjoan.com\/wp\/?p=233","title":{"rendered":"Fin de semana para disfrutar"},"content":{"rendered":"\n<p>Este fin de semana tenemos 3 citas pendientes&#8230; \u00a1Y esperamos contar con tu apoyo!<\/p>\n\n\n\n<div class=\"wp-block-columns alignwide are-vertically-aligned-top is-layout-flex wp-container-core-columns-is-layout-9d6595d7 wp-block-columns-is-layout-flex\">\n<div class=\"wp-block-column is-vertically-aligned-top is-layout-flow wp-block-column-is-layout-flow\">\n<figure class=\"wp-block-image size-large\"><img decoding=\"async\" src=\"https:\/\/atleticosantjoan.com\/wp\/wp-content\/uploads\/2023\/10\/Cadete-21.10-01-1024x1024.jpg\" alt=\"\" class=\"wp-image-235\"\/><\/figure>\n\n\n\n<p>En primer lugar, nuestro cadete se visitar\u00e1 a un duro rival como lo es el Elche C. F. y buscar\u00e1 sumar sus primeros puntos.<\/p>\n\n\n\n<p>El duelo se disputar\u00e1 en el Campo Municipal \u00abEl Altet\u00bb a las 15:00 hs el d\u00eda s\u00e1bado.<\/p>\n<\/div>\n\n\n\n<div class=\"wp-block-column is-vertically-aligned-top is-layout-flow wp-block-column-is-layout-flow\">\n<figure class=\"wp-block-image size-large\"><img decoding=\"async\" src=\"https:\/\/atleticosantjoan.com\/wp\/wp-content\/uploads\/2023\/10\/Infantil-22.10-01-1024x1024.jpg\" alt=\"\" class=\"wp-image-236\"\/><\/figure>\n\n\n\n<p>En segundo lugar, las infantiles recibir\u00e1n al C. D. El Campello el domingo a las 9:30 hs en el Polideportivo Municipal de San Juan de modo que dar\u00e1n inicio a su temporada.<\/p>\n<\/div>\n\n\n\n<div class=\"wp-block-column is-vertically-aligned-top is-layout-flow wp-block-column-is-layout-flow\">\n<figure class=\"wp-block-image size-large\"><img decoding=\"async\" src=\"https:\/\/atleticosantjoan.com\/wp\/wp-content\/uploads\/2023\/10\/Sub-12-22.10-01-1024x1024.jpg\" alt=\"\" class=\"wp-image-237\"\/><\/figure>\n\n\n\n<p>Por \u00faltimo, el sub 12, al igual que el infantil, comenzar\u00e1 la liga este domingo.<\/p>\n\n\n\n<p>Deber\u00e1n viajar a Alfaz del Pi y buscar arrancar la liga lo mas arriba posible.<\/p>\n<\/div>\n<\/div>\n","protected":false},"excerpt":{"rendered":"<p>Este fin de semana tenemos 3 citas pendientes&#8230; \u00a1Y esperamos contar con tu apoyo! En primer lugar, nuestro cadete se visitar\u00e1 a un duro rival como lo es el Elche C. F. y buscar\u00e1 sumar sus primeros puntos. El duelo se disputar\u00e1 en el Campo Municipal \u00abEl Altet\u00bb a las 15:00 hs el d\u00eda s\u00e1bado. [&hellip;]<\/p>\n","protected":false},"author":1,"featured_media":0,"comment_status":"open","ping_status":"open","sticky":false,"template":"","format":"standard","meta":{"_et_pb_use_builder":"","_et_pb_old_content":"","_et_gb_content_width":"","om_disable_all_campaigns":false,"_monsterinsights_skip_tracking":false,"_monsterinsights_sitenote_active":false,"_monsterinsights_sitenote_note":"","_monsterinsights_sitenote_category":0,"footnotes":""},"categories":[1],"tags":[],"class_list":["post-233","post","type-post","status-publish","format-standard","hentry","category-uncategorized"],"aioseo_notices":[],"_links":{"self":[{"href":"https:\/\/atleticosantjoan.com\/wp\/index.php?rest_route=\/wp\/v2\/posts\/233","targetHints":{"allow":["GET"]}}],"collection":[{"href":"https:\/\/atleticosantjoan.com\/wp\/index.php?rest_route=\/wp\/v2\/posts"}],"about":[{"href":"https:\/\/atleticosantjoan.com\/wp\/index.php?rest_route=\/wp\/v2\/types\/post"}],"author":[{"embeddable":true,"href":"https:\/\/atleticosantjoan.com\/wp\/index.php?rest_route=\/wp\/v2\/users\/1"}],"replies":[{"embeddable":true,"href":"https:\/\/atleticosantjoan.com\/wp\/index.php?rest_route=%2Fwp%2Fv2%2Fcomments&post=233"}],"version-history":[{"count":0,"href":"https:\/\/atleticosantjoan.com\/wp\/index.php?rest_route=\/wp\/v2\/posts\/233\/revisions"}],"wp:attachment":[{"href":"https:\/\/atleticosantjoan.com\/wp\/index.php?rest_route=%2Fwp%2Fv2%2Fmedia&parent=233"}],"wp:term":[{"taxonomy":"category","embeddable":true,"href":"https:\/\/atleticosantjoan.com\/wp\/index.php?rest_route=%2Fwp%2Fv2%2Fcategories&post=233"},{"taxonomy":"post_tag","embeddable":true,"href":"https:\/\/atleticosantjoan.com\/wp\/index.php?rest_route=%2Fwp%2Fv2%2Ftags&post=233"}],"curies":[{"name":"wp","href":"https:\/\/api.w.org\/{rel}","templated":true}]}}