{"id":209,"date":"2023-10-06T08:31:31","date_gmt":"2023-10-06T08:31:31","guid":{"rendered":"https:\/\/atleticosantjoan.com\/wp\/?p=209"},"modified":"2023-10-06T08:31:45","modified_gmt":"2023-10-06T08:31:45","slug":"fin-de-semana-liguero","status":"publish","type":"post","link":"https:\/\/atleticosantjoan.com\/wp\/?p=209","title":{"rendered":"Fin de semana liguero"},"content":{"rendered":"\n<p>Este fin de semana nuestras cadetes se mediran ante el Racing Playa San Juan C. D. en condici\u00f3n de local en el Polideportivo Municipal de San Juan a las 9:30 am.<\/p>\n\n\n\n<p>Junto al caf\u00e9 de la ma\u00f1ana el equipo comandado por Jorge y David buscar\u00e1n los primeros tres puntos de la liga. Recordamos que el fin de semana pasado se enfrentaron al Intercity donde si bien hubo ocasiones para el equipo albiazul, no se pudo adelantar en el marcador.<\/p>\n\n\n\n<p>Por otro lado, no se llevar\u00e1 a cabo ning\u00fan amistoso este fin de semana, por lo tanto el SUB 12 e infantiles descansaran.<\/p>\n","protected":false},"excerpt":{"rendered":"<p>Este fin de semana nuestras cadetes se mediran ante el Racing Playa San Juan C. D. en condici\u00f3n de local en el Polideportivo Municipal de San Juan a las 9:30 am. Junto al caf\u00e9 de la ma\u00f1ana el equipo comandado por Jorge y David buscar\u00e1n los primeros tres puntos de la liga. Recordamos que el [&hellip;]<\/p>\n","protected":false},"author":1,"featured_media":0,"comment_status":"open","ping_status":"open","sticky":false,"template":"","format":"standard","meta":{"_et_pb_use_builder":"","_et_pb_old_content":"","_et_gb_content_width":"","om_disable_all_campaigns":false,"_monsterinsights_skip_tracking":false,"_monsterinsights_sitenote_active":false,"_monsterinsights_sitenote_note":"","_monsterinsights_sitenote_category":0,"footnotes":""},"categories":[1],"tags":[],"class_list":["post-209","post","type-post","status-publish","format-standard","hentry","category-uncategorized"],"aioseo_notices":[],"_links":{"self":[{"href":"https:\/\/atleticosantjoan.com\/wp\/index.php?rest_route=\/wp\/v2\/posts\/209","targetHints":{"allow":["GET"]}}],"collection":[{"href":"https:\/\/atleticosantjoan.com\/wp\/index.php?rest_route=\/wp\/v2\/posts"}],"about":[{"href":"https:\/\/atleticosantjoan.com\/wp\/index.php?rest_route=\/wp\/v2\/types\/post"}],"author":[{"embeddable":true,"href":"https:\/\/atleticosantjoan.com\/wp\/index.php?rest_route=\/wp\/v2\/users\/1"}],"replies":[{"embeddable":true,"href":"https:\/\/atleticosantjoan.com\/wp\/index.php?rest_route=%2Fwp%2Fv2%2Fcomments&post=209"}],"version-history":[{"count":0,"href":"https:\/\/atleticosantjoan.com\/wp\/index.php?rest_route=\/wp\/v2\/posts\/209\/revisions"}],"wp:attachment":[{"href":"https:\/\/atleticosantjoan.com\/wp\/index.php?rest_route=%2Fwp%2Fv2%2Fmedia&parent=209"}],"wp:term":[{"taxonomy":"category","embeddable":true,"href":"https:\/\/atleticosantjoan.com\/wp\/index.php?rest_route=%2Fwp%2Fv2%2Fcategories&post=209"},{"taxonomy":"post_tag","embeddable":true,"href":"https:\/\/atleticosantjoan.com\/wp\/index.php?rest_route=%2Fwp%2Fv2%2Ftags&post=209"}],"curies":[{"name":"wp","href":"https:\/\/api.w.org\/{rel}","templated":true}]}}