{"id":169,"date":"2023-09-14T10:05:26","date_gmt":"2023-09-14T10:05:26","guid":{"rendered":"https:\/\/atleticosantjoan.com\/wp\/?p=169"},"modified":"2023-09-14T10:09:40","modified_gmt":"2023-09-14T10:09:40","slug":"fin-de-semana-apasionado","status":"publish","type":"post","link":"https:\/\/atleticosantjoan.com\/wp\/?p=169","title":{"rendered":"Fin de semana apasionado"},"content":{"rendered":"\n<p>   El siguiente fin de semana tendr\u00e1n lugar los amistosos de pretemporada oficiales de nuestras categor\u00edas sub 12, infantil y cadete.<\/p>\n\n\n\n<figure class=\"wp-block-image aligncenter size-full is-resized\"><img loading=\"lazy\" decoding=\"async\" src=\"https:\/\/atleticosantjoan.com\/wp\/wp-content\/uploads\/2023\/09\/Match-day-12_Mesa-de-trabajo-1.jpg\" alt=\"\" class=\"wp-image-170\" style=\"object-fit:contain;width:423px;height:423px\" width=\"423\" height=\"423\"\/><\/figure>\n\n\n\n<h3 class=\"wp-block-heading\">Infantil<\/h3>\n\n\n\n<p>   El equipo encabezado por Christian Ochando se enfrentar\u00e1 a C. F. La Nuc\u00eda en condici\u00f3n de visitante a las 9:30 hs en el campo de La Nuc\u00eda.<\/p>\n\n\n\n<p>   Recordamos que el pasado domingo las infantiles hicieron su primer presentaci\u00f3n ante el masculino de misma categor\u00eda del C. D. del Campello en el Polideportivo de Sant Joan. El encuentro termin\u00f3 2-4 pero aun as\u00ed las ni\u00f1as hicieron un partido que dejo satisfecho al cuerpo t\u00e9cnico.<\/p>\n\n\n\n<h3 class=\"wp-block-heading\">Cadete<\/h3>\n\n\n\n<p>   Las cadetes se medir\u00e1n de local frente al C. F. Benidorm a las 9:15 hs en el Polideportivo de Sant Joan.<\/p>\n\n\n\n<p>   El equipo dirigido por Jorge y David el fin de semana anterior disput\u00f3 el torneo Ciudad de Torrevieja organizado por Origen Sports. All\u00ed no solo se obtuvo el 4\u00ba puesto, sino que se vi\u00f3 a las ni\u00f1as luchar por cada bal\u00f3n y disfrutar del s\u00e1bado de competici\u00f3n.<\/p>\n\n\n\n<h3 class=\"wp-block-heading\">Sub 12<\/h3>\n\n\n\n<p>   Las mas peque\u00f1as tendr\u00e1n su primer partido ante el Bonavista C. F. posterior al partido del cadete, a las 10:45 hs en el Polideportivo de Sant Joan.<\/p>\n","protected":false},"excerpt":{"rendered":"<p>El siguiente fin de semana tendr\u00e1n lugar los amistosos de pretemporada oficiales de nuestras categor\u00edas sub 12, infantil y cadete. Infantil El equipo encabezado por Christian Ochando se enfrentar\u00e1 a C. F. La Nuc\u00eda en condici\u00f3n de visitante a las 9:30 hs en el campo de La Nuc\u00eda. Recordamos que el pasado domingo las infantiles [&hellip;]<\/p>\n","protected":false},"author":1,"featured_media":0,"comment_status":"open","ping_status":"open","sticky":false,"template":"","format":"standard","meta":{"_et_pb_use_builder":"","_et_pb_old_content":"","_et_gb_content_width":"","om_disable_all_campaigns":false,"_monsterinsights_skip_tracking":false,"_monsterinsights_sitenote_active":false,"_monsterinsights_sitenote_note":"","_monsterinsights_sitenote_category":0,"footnotes":""},"categories":[1],"tags":[],"class_list":["post-169","post","type-post","status-publish","format-standard","hentry","category-uncategorized"],"aioseo_notices":[],"_links":{"self":[{"href":"https:\/\/atleticosantjoan.com\/wp\/index.php?rest_route=\/wp\/v2\/posts\/169","targetHints":{"allow":["GET"]}}],"collection":[{"href":"https:\/\/atleticosantjoan.com\/wp\/index.php?rest_route=\/wp\/v2\/posts"}],"about":[{"href":"https:\/\/atleticosantjoan.com\/wp\/index.php?rest_route=\/wp\/v2\/types\/post"}],"author":[{"embeddable":true,"href":"https:\/\/atleticosantjoan.com\/wp\/index.php?rest_route=\/wp\/v2\/users\/1"}],"replies":[{"embeddable":true,"href":"https:\/\/atleticosantjoan.com\/wp\/index.php?rest_route=%2Fwp%2Fv2%2Fcomments&post=169"}],"version-history":[{"count":0,"href":"https:\/\/atleticosantjoan.com\/wp\/index.php?rest_route=\/wp\/v2\/posts\/169\/revisions"}],"wp:attachment":[{"href":"https:\/\/atleticosantjoan.com\/wp\/index.php?rest_route=%2Fwp%2Fv2%2Fmedia&parent=169"}],"wp:term":[{"taxonomy":"category","embeddable":true,"href":"https:\/\/atleticosantjoan.com\/wp\/index.php?rest_route=%2Fwp%2Fv2%2Fcategories&post=169"},{"taxonomy":"post_tag","embeddable":true,"href":"https:\/\/atleticosantjoan.com\/wp\/index.php?rest_route=%2Fwp%2Fv2%2Ftags&post=169"}],"curies":[{"name":"wp","href":"https:\/\/api.w.org\/{rel}","templated":true}]}}