{"id":124,"date":"2023-09-12T08:06:26","date_gmt":"2023-09-12T08:06:26","guid":{"rendered":"https:\/\/atleticosantjoan.com\/wp\/?p=124"},"modified":"2023-09-12T08:12:39","modified_gmt":"2023-09-12T08:12:39","slug":"enhorabuena-cadetes","status":"publish","type":"post","link":"https:\/\/atleticosantjoan.com\/wp\/?p=124","title":{"rendered":"\u00a1Enhorabuena, cadetes!"},"content":{"rendered":"\n<p>El d\u00eda s\u00e1bado 9\/09 se disput\u00f3 el torneo Ciudad de Torrevieja, organizado por Origen Sports, en donde nuestro cadete se hizo presente y consigui\u00f3 el 4\u00ba puesto. El Atl\u00e9tico Sant Joan comparti\u00f3 grupo con el Elche CF, La Nuc\u00eda, Torrevieja y CD Zeneta.<\/p>\n\n\n\n<p>En primer lugar se enfrent\u00f3 a nada m\u00e1s y nada menos que el Elche CF, donde el resultado fue de 4-1 para el equipo de Elche.<\/p>\n\n\n\n<p>Como segunda prueba tuvo a La Nuc\u00eda como adversario, aqu\u00ed el equipo cosecho un punto empatando 0-0. <\/p>\n\n\n\n<p>El tercer partido fue ante el equipo local: Torrevieja. En el mismo nadie pudo sacar ventaja en el marcador y el resultado qued\u00f3 0-0.<\/p>\n\n\n\n<p>Como cuarto desaf\u00edo tuvo al CD Zeneta, donde el equipo de Sant Joan volvi\u00f3 a empatar pero esta vez 1-1 y as\u00ed consiguiendo la clasificaci\u00f3n para jugar el tercer y cuarto puesto.<\/p>\n\n\n\n<p>Por \u00faltimo, el equipo albiazul y Torrevieja se vieron las caras nuevamente. Esta vez, pese al buen partido del Atl\u00e9tico Sant Joan teniendo en cuenta el desgaste f\u00edsico de la competencia, no pudo sacar ventaja y el club local pudo adelantarse por la m\u00ednima.<\/p>\n\n\n\n<p>A\u00fan as\u00ed, por mas que se haya perdido el \u00faltimo partido, el cuerpo t\u00e9cnico encabezado por Jorge y David se fueron conformes y felices junto a las ni\u00f1as ya que se las vio disfrutar del torneo.<\/p>\n","protected":false},"excerpt":{"rendered":"<p>El d\u00eda s\u00e1bado 9\/09 se disput\u00f3 el torneo Ciudad de Torrevieja, organizado por Origen Sports, en donde nuestro cadete se hizo presente y consigui\u00f3 el 4\u00ba puesto. El Atl\u00e9tico Sant Joan comparti\u00f3 grupo con el Elche CF, La Nuc\u00eda, Torrevieja y CD Zeneta. En primer lugar se enfrent\u00f3 a nada m\u00e1s y nada menos que [&hellip;]<\/p>\n","protected":false},"author":1,"featured_media":0,"comment_status":"open","ping_status":"open","sticky":false,"template":"","format":"standard","meta":{"_et_pb_use_builder":"","_et_pb_old_content":"","_et_gb_content_width":"","om_disable_all_campaigns":false,"_monsterinsights_skip_tracking":false,"_monsterinsights_sitenote_active":false,"_monsterinsights_sitenote_note":"","_monsterinsights_sitenote_category":0,"footnotes":""},"categories":[1],"tags":[],"class_list":["post-124","post","type-post","status-publish","format-standard","hentry","category-uncategorized"],"aioseo_notices":[],"_links":{"self":[{"href":"https:\/\/atleticosantjoan.com\/wp\/index.php?rest_route=\/wp\/v2\/posts\/124","targetHints":{"allow":["GET"]}}],"collection":[{"href":"https:\/\/atleticosantjoan.com\/wp\/index.php?rest_route=\/wp\/v2\/posts"}],"about":[{"href":"https:\/\/atleticosantjoan.com\/wp\/index.php?rest_route=\/wp\/v2\/types\/post"}],"author":[{"embeddable":true,"href":"https:\/\/atleticosantjoan.com\/wp\/index.php?rest_route=\/wp\/v2\/users\/1"}],"replies":[{"embeddable":true,"href":"https:\/\/atleticosantjoan.com\/wp\/index.php?rest_route=%2Fwp%2Fv2%2Fcomments&post=124"}],"version-history":[{"count":0,"href":"https:\/\/atleticosantjoan.com\/wp\/index.php?rest_route=\/wp\/v2\/posts\/124\/revisions"}],"wp:attachment":[{"href":"https:\/\/atleticosantjoan.com\/wp\/index.php?rest_route=%2Fwp%2Fv2%2Fmedia&parent=124"}],"wp:term":[{"taxonomy":"category","embeddable":true,"href":"https:\/\/atleticosantjoan.com\/wp\/index.php?rest_route=%2Fwp%2Fv2%2Fcategories&post=124"},{"taxonomy":"post_tag","embeddable":true,"href":"https:\/\/atleticosantjoan.com\/wp\/index.php?rest_route=%2Fwp%2Fv2%2Ftags&post=124"}],"curies":[{"name":"wp","href":"https:\/\/api.w.org\/{rel}","templated":true}]}}