{"id":119,"date":"2023-09-12T06:43:27","date_gmt":"2023-09-12T06:43:27","guid":{"rendered":"https:\/\/atleticosantjoan.com\/wp\/?p=119"},"modified":"2023-09-12T06:43:28","modified_gmt":"2023-09-12T06:43:28","slug":"infantil-primer-partido-de-pretemporada","status":"publish","type":"post","link":"https:\/\/atleticosantjoan.com\/wp\/?p=119","title":{"rendered":"Infantil: primer partido de pretemporada"},"content":{"rendered":"\n<p>El pasado domingo 10\/09 el infantil del Atl\u00e9tico Sant Joan jug\u00f3 su primer partido de pretemporada frente al infantil masculino del C. D. del Campello. El encuentro qued\u00f3 2 &#8211; 4 pero, aun as\u00ed, se vi\u00f3 a las ni\u00f1as disfrutar del mismo.<\/p>\n\n\n\n<p>El equipo form\u00f3 con un 4-3-3 con Candela en la porter\u00eda, Amaya &#8211; Martina &#8211; Ana &#8211; Gaia en la defensa, Emma de volante central, por delante de ella Ainhoa &#8211; Paula y en la delantera con Marta &#8211; Martina &#8211; Fede. Su primer entrenador Christian y Juanki como ayudante de campo.<\/p>\n\n\n\n<p>El equipo realizar\u00e1 un entrenamiento hoy 11\/09 post partido, esperando que se concreten amistosos para esta semana y, tambi\u00e9n, teniendo en cuenta que esta semana ser\u00e1 complicado entrenar debido a las fiestas en Muxtamel.<\/p>\n","protected":false},"excerpt":{"rendered":"<p>El pasado domingo 10\/09 el infantil del Atl\u00e9tico Sant Joan jug\u00f3 su primer partido de pretemporada frente al infantil masculino del C. D. del Campello. El encuentro qued\u00f3 2 &#8211; 4 pero, aun as\u00ed, se vi\u00f3 a las ni\u00f1as disfrutar del mismo. El equipo form\u00f3 con un 4-3-3 con Candela en la porter\u00eda, Amaya &#8211; [&hellip;]<\/p>\n","protected":false},"author":1,"featured_media":0,"comment_status":"open","ping_status":"open","sticky":false,"template":"","format":"standard","meta":{"_et_pb_use_builder":"","_et_pb_old_content":"","_et_gb_content_width":"","om_disable_all_campaigns":false,"_monsterinsights_skip_tracking":false,"_monsterinsights_sitenote_active":false,"_monsterinsights_sitenote_note":"","_monsterinsights_sitenote_category":0,"footnotes":""},"categories":[1],"tags":[],"class_list":["post-119","post","type-post","status-publish","format-standard","hentry","category-uncategorized"],"aioseo_notices":[],"_links":{"self":[{"href":"https:\/\/atleticosantjoan.com\/wp\/index.php?rest_route=\/wp\/v2\/posts\/119","targetHints":{"allow":["GET"]}}],"collection":[{"href":"https:\/\/atleticosantjoan.com\/wp\/index.php?rest_route=\/wp\/v2\/posts"}],"about":[{"href":"https:\/\/atleticosantjoan.com\/wp\/index.php?rest_route=\/wp\/v2\/types\/post"}],"author":[{"embeddable":true,"href":"https:\/\/atleticosantjoan.com\/wp\/index.php?rest_route=\/wp\/v2\/users\/1"}],"replies":[{"embeddable":true,"href":"https:\/\/atleticosantjoan.com\/wp\/index.php?rest_route=%2Fwp%2Fv2%2Fcomments&post=119"}],"version-history":[{"count":0,"href":"https:\/\/atleticosantjoan.com\/wp\/index.php?rest_route=\/wp\/v2\/posts\/119\/revisions"}],"wp:attachment":[{"href":"https:\/\/atleticosantjoan.com\/wp\/index.php?rest_route=%2Fwp%2Fv2%2Fmedia&parent=119"}],"wp:term":[{"taxonomy":"category","embeddable":true,"href":"https:\/\/atleticosantjoan.com\/wp\/index.php?rest_route=%2Fwp%2Fv2%2Fcategories&post=119"},{"taxonomy":"post_tag","embeddable":true,"href":"https:\/\/atleticosantjoan.com\/wp\/index.php?rest_route=%2Fwp%2Fv2%2Ftags&post=119"}],"curies":[{"name":"wp","href":"https:\/\/api.w.org\/{rel}","templated":true}]}}